{"id":20366,"date":"2025-01-11T16:03:59","date_gmt":"2025-01-11T15:03:59","guid":{"rendered":"https:\/\/tajimaeurope.com\/?p=20366"},"modified":"2025-05-07T11:33:52","modified_gmt":"2025-05-07T09:33:52","slug":"madeira-devient-ecolo","status":"publish","type":"post","link":"https:\/\/tajvitclone.comandsee.website\/fr\/madeira-devient-ecolo\/","title":{"rendered":"MADEIRA devient \u00c9colo !"},"content":{"rendered":"\n<h2 class=\"wp-block-heading\">Transition des fils POLYNEON 40 \u00e0 POLYNEON GREEN 40<\/h2>\n\n\n\n<figure class=\"wp-block-image size-full\"><img fetchpriority=\"high\" decoding=\"async\" width=\"1900\" height=\"600\" src=\"https:\/\/tajvitclone.comandsee.website\/wp-content\/uploads\/2025\/01\/Polyneon-Polyneon-Green-1900-x-600-px.jpg\" alt=\"Fils Madeira : transistion du Polyneon au Polyneon Green\" class=\"wp-image-20369\" srcset=\"https:\/\/tajvitclone.comandsee.website\/wp-content\/uploads\/2025\/01\/Polyneon-Polyneon-Green-1900-x-600-px.jpg 1900w, https:\/\/tajvitclone.comandsee.website\/wp-content\/uploads\/2025\/01\/Polyneon-Polyneon-Green-1900-x-600-px-300x95.jpg 300w, https:\/\/tajvitclone.comandsee.website\/wp-content\/uploads\/2025\/01\/Polyneon-Polyneon-Green-1900-x-600-px-1024x323.jpg 1024w, https:\/\/tajvitclone.comandsee.website\/wp-content\/uploads\/2025\/01\/Polyneon-Polyneon-Green-1900-x-600-px-768x243.jpg 768w, https:\/\/tajvitclone.comandsee.website\/wp-content\/uploads\/2025\/01\/Polyneon-Polyneon-Green-1900-x-600-px-1536x485.jpg 1536w\" sizes=\"(max-width: 1900px) 100vw, 1900px\" \/><\/figure>\n\n\n\n<div style=\"height:11px\" aria-hidden=\"true\" class=\"wp-block-spacer\"><\/div>\n\n\n\n<h3 class=\"wp-block-heading\"><strong>Informations \u00e0 propos de la transition des fils POLYNEON 40 \u00e0 <strong>POLYNEON <\/strong>GREEN 40<\/strong>\u00a0<\/h3>\n\n\n\n<p>Nous sommes ravis de vous annoncer que la d\u00e9marche de d\u00e9veloppement durable de la marque MADEIRA atteint de nouveaux sommets.&nbsp;&nbsp;&nbsp;&nbsp;&nbsp;&nbsp;&nbsp;<\/p>\n\n\n\n<p>D&rsquo;ici <strong>la fin d&rsquo;ann\u00e9e, 2025,<\/strong> toutes les couleurs du <strong>POLYNEON  40<\/strong> seront remplac\u00e9es par le <strong>POLYNEON <\/strong> <strong>GREEN 40<\/strong> afin de privil\u00e9gier l\u2019usage des mat\u00e9riaux durables.\u00a0<\/p>\n\n\n\n<p>Nous entamerons la transition des <strong>POLYNEON<\/strong> 60 et 75, ainsi que des <strong>Frosted Matt<\/strong>, vers des mati\u00e8res premi\u00e8res en polyester recycl\u00e9 d&rsquo;ici 2025 au plus tard.\u00a0\u00a0\u00a0\u00a0\u00a0\u00a0\u00a0\u00a0\u00a0<\/p>\n\n\n\n<h3 class=\"wp-block-heading\"><strong>EN PRATIQUE<\/strong><\/h3>\n\n\n\n<p>Cela signifie que les num\u00e9ros de couleur actuels du <strong>POLYNEON <\/strong> <strong>GREEN<\/strong>, commen\u00e7ant par 6***, seront modifi\u00e9s pour s&rsquo;aligner sur les num\u00e9ros de couleur du <strong>POLYNEON<\/strong>, qui commencent par 1***.\u00a0<\/p>\n\n\n\n<p>Vous retrouvez actuellement sur notre site jusqu\u2019\u00e0 3 r\u00e9f\u00e9rences diff\u00e9rentes pour le m\u00eame coloris de <strong>POLYNEON<\/strong> en c\u00f4ne de 5000 m.\u00a0<\/p>\n\n\n\n<p>Ex\u202f: 918 1800\/ 718 1800\/ 718 6800&nbsp;<\/p>\n\n\n\n<p>Les deux r\u00e9f\u00e9rences en vert correspondent \u00e0 du <strong>POLYNEON <\/strong> <strong>GREEN<\/strong> (celle commen\u00e7ant par 6*** correspond aux 108 premiers coloris qui ont \u00e9t\u00e9 produits pr\u00e9c\u00e9demment en green) et la r\u00e9f\u00e9rence en bleu est celle du <strong>POLYNEON<\/strong> standard mais les 3 sont exactement du m\u00eame coloris et de la m\u00eame \u00e9paisseur.\u00a0<\/p>\n\n\n\n<p>Les r\u00e9f\u00e9rences 918 1800 et 718 6800 sont donc vou\u00e9es \u00e0 disparaitre au profit de la r\u00e9f\u00e9rence 7181800.&nbsp;<\/p>\n\n\n\n<p>Pour les bobines de 1000 m. qui n\u2019existent pas encore en green, la r\u00e9f\u00e9rence 919 sera directement remplac\u00e9e par la 719&nbsp;<\/p>\n\n\n\n<p>Le nuancier n\u00b0 85 \/ 2022 peut encore \u00eatre utilis\u00e9 jusqu&rsquo;\u00e0 ce que nous ayons termin\u00e9 le transfert.<\/p>\n\n\n\n<h3 class=\"wp-block-heading\"><strong>NOS GARANTIES<\/strong><\/h3>\n\n\n\n<p>                               &#8211; la qualit\u00e9 reste inchang\u00e9e\u00a0\u00a0<\/p>\n\n\n\n<p>                               &#8211; et qu&rsquo;il n&rsquo;y a aucune diff\u00e9rence d&rsquo;utilisation ou de r\u00e9sultats entre <strong>POLYNEON<\/strong> et <strong>POLYNEON<\/strong> <strong>GREEN<\/strong>.\u00a0<\/p>\n\n\n\n<p>                              &#8211; m\u00eame teinte\u00a0<\/p>\n\n\n\n<p>                              &#8211; m\u00eame gamme de coloris\u00a0<\/p>\n\n\n\n<p>                             &#8211; m\u00eames qualit\u00e9s techniques\u00a0<\/p>\n\n\n\n<p>                             &#8211; m\u00eame prix\u00a0<\/p>\n\n\n\n<h3 class=\"wp-block-heading\"><strong>NOTRE ENGAGEMENT<\/strong><\/h3>\n\n\n\n<p>N\u2019h\u00e9sitez pas \u00e0 nous contacter par mail ou par t\u00e9l\u00e9phone si vous ne trouvez pas la r\u00e9f\u00e9rence correspondant au coloris que vous souhaitez.&nbsp;<\/p>\n\n\n\n<p>Les r\u00e9f\u00e9rences de <strong>POLYNEON<\/strong> standard de votre commande seront susceptibles d\u2019\u00eatre interverties avec celle du <strong>POLYNEON<\/strong> <strong>GREEN<\/strong> dans la mesure o\u00f9 vous aurez donn\u00e9 votre accord lors de la confirmation de commande.\u00a0<\/p>\n\n\n\n<p>Nous restons \u00e0 votre \u00e9coute afin de vous simplifier au maximum le passage de votre commande et de vous accompagner dans cette transition \u00e9cologique dont vous \u00eates les principaux acteurs.&nbsp;<\/p>\n\n\n\n<p>Votre \u00e9quipe MADEIRA&nbsp;<\/p>\n","protected":false},"excerpt":{"rendered":"<p>Transition des fils POLYNEON 40 \u00e0 POLYNEON GREEN 40 Informations \u00e0 propos de la transition des fils POLYNEON 40 \u00e0 POLYNEON GREEN 40\u00a0 Nous sommes ravis de vous annoncer que la d\u00e9marche de d\u00e9veloppement durable de la marque MADEIRA atteint de nouveaux sommets.&nbsp;&nbsp;&nbsp;&nbsp;&nbsp;&nbsp;&nbsp; D&rsquo;ici la fin d&rsquo;ann\u00e9e, 2025, toutes les couleurs du POLYNEON 40 seront&hellip;&nbsp;<a href=\"https:\/\/tajvitclone.comandsee.website\/fr\/madeira-devient-ecolo\/\" rel=\"bookmark\">Lire la suite &raquo;<span class=\"screen-reader-text\">MADEIRA devient \u00c9colo !<\/span><\/a><\/p>\n","protected":false},"author":4,"featured_media":20375,"comment_status":"closed","ping_status":"closed","sticky":false,"template":"","format":"standard","meta":{"_acf_changed":false,"neve_meta_sidebar":"","neve_meta_container":"","neve_meta_enable_content_width":"","neve_meta_content_width":0,"neve_meta_title_alignment":"","neve_meta_author_avatar":"","neve_post_elements_order":"","neve_meta_disable_header":"","neve_meta_disable_footer":"","neve_meta_disable_title":"","footnotes":""},"categories":[71,52],"tags":[],"class_list":["post-20366","post","type-post","status-publish","format-standard","has-post-thumbnail","hentry","category-actualites","category-relations-presse"],"acf":[],"yoast_head":"<!-- This site is optimized with the Yoast SEO plugin v27.4 - https:\/\/yoast.com\/product\/yoast-seo-wordpress\/ -->\n<title>MADEIRA devient \u00c9colo<\/title>\n<meta name=\"description\" content=\"Des informations sur la transition des fils POLYNEON 40 \u00e0 POLYNEON GREEN 40 et un descriptifs des \u00e9tapes de production.\" \/>\n<meta name=\"robots\" content=\"index, follow, max-snippet:-1, max-image-preview:large, max-video-preview:-1\" \/>\n<link rel=\"canonical\" href=\"https:\/\/tajvitclone.comandsee.website\/fr\/madeira-devient-ecolo\/\" \/>\n<meta property=\"og:locale\" content=\"fr_FR\" \/>\n<meta property=\"og:type\" content=\"article\" \/>\n<meta property=\"og:title\" content=\"MADEIRA devient \u00c9colo\" \/>\n<meta property=\"og:description\" content=\"Des informations sur la transition des fils POLYNEON 40 \u00e0 POLYNEON GREEN 40 et un descriptifs des \u00e9tapes de production.\" \/>\n<meta property=\"og:url\" content=\"https:\/\/tajvitclone.comandsee.website\/fr\/madeira-devient-ecolo\/\" \/>\n<meta property=\"og:site_name\" content=\"Tajima Europe\" \/>\n<meta property=\"article:published_time\" content=\"2025-01-11T15:03:59+00:00\" \/>\n<meta property=\"article:modified_time\" content=\"2025-05-07T09:33:52+00:00\" \/>\n<meta property=\"og:image\" content=\"https:\/\/tajvitclone.comandsee.website\/wp-content\/uploads\/2025\/01\/04-Polyneon-Green-450-x-251-px.jpg\" \/>\n\t<meta property=\"og:image:width\" content=\"450\" \/>\n\t<meta property=\"og:image:height\" content=\"251\" \/>\n\t<meta property=\"og:image:type\" content=\"image\/jpeg\" \/>\n<meta name=\"author\" content=\"Tajima-Europe\" \/>\n<meta name=\"twitter:card\" content=\"summary_large_image\" \/>\n<meta name=\"twitter:label1\" content=\"\u00c9crit par\" \/>\n\t<meta name=\"twitter:data1\" content=\"Tajima-Europe\" \/>\n\t<meta name=\"twitter:label2\" content=\"Dur\u00e9e de lecture estim\u00e9e\" \/>\n\t<meta name=\"twitter:data2\" content=\"3 minutes\" \/>\n<script type=\"application\/ld+json\" class=\"yoast-schema-graph\">{\"@context\":\"https:\\\/\\\/schema.org\",\"@graph\":[{\"@type\":\"Article\",\"@id\":\"https:\\\/\\\/tajvitclone.comandsee.website\\\/fr\\\/madeira-devient-ecolo\\\/#article\",\"isPartOf\":{\"@id\":\"https:\\\/\\\/tajvitclone.comandsee.website\\\/fr\\\/madeira-devient-ecolo\\\/\"},\"author\":{\"name\":\"Tajima-Europe\",\"@id\":\"https:\\\/\\\/tajvitclone.comandsee.website\\\/fr\\\/#\\\/schema\\\/person\\\/0755dec0658f2ed0b0950c8ebcf6ce26\"},\"headline\":\"MADEIRA devient \u00c9colo !\",\"datePublished\":\"2025-01-11T15:03:59+00:00\",\"dateModified\":\"2025-05-07T09:33:52+00:00\",\"mainEntityOfPage\":{\"@id\":\"https:\\\/\\\/tajvitclone.comandsee.website\\\/fr\\\/madeira-devient-ecolo\\\/\"},\"wordCount\":422,\"publisher\":{\"@id\":\"https:\\\/\\\/tajvitclone.comandsee.website\\\/fr\\\/#organization\"},\"image\":{\"@id\":\"https:\\\/\\\/tajvitclone.comandsee.website\\\/fr\\\/madeira-devient-ecolo\\\/#primaryimage\"},\"thumbnailUrl\":\"https:\\\/\\\/tajvitclone.comandsee.website\\\/wp-content\\\/uploads\\\/2025\\\/01\\\/04-Polyneon-Green-450-x-251-px.jpg\",\"articleSection\":[\"Actualit\u00e9s\",\"Relations presse\"],\"inLanguage\":\"fr-FR\"},{\"@type\":\"WebPage\",\"@id\":\"https:\\\/\\\/tajvitclone.comandsee.website\\\/fr\\\/madeira-devient-ecolo\\\/\",\"url\":\"https:\\\/\\\/tajvitclone.comandsee.website\\\/fr\\\/madeira-devient-ecolo\\\/\",\"name\":\"MADEIRA devient \u00c9colo\",\"isPartOf\":{\"@id\":\"https:\\\/\\\/tajvitclone.comandsee.website\\\/fr\\\/#website\"},\"primaryImageOfPage\":{\"@id\":\"https:\\\/\\\/tajvitclone.comandsee.website\\\/fr\\\/madeira-devient-ecolo\\\/#primaryimage\"},\"image\":{\"@id\":\"https:\\\/\\\/tajvitclone.comandsee.website\\\/fr\\\/madeira-devient-ecolo\\\/#primaryimage\"},\"thumbnailUrl\":\"https:\\\/\\\/tajvitclone.comandsee.website\\\/wp-content\\\/uploads\\\/2025\\\/01\\\/04-Polyneon-Green-450-x-251-px.jpg\",\"datePublished\":\"2025-01-11T15:03:59+00:00\",\"dateModified\":\"2025-05-07T09:33:52+00:00\",\"description\":\"Des informations sur la transition des fils POLYNEON 40 \u00e0 POLYNEON GREEN 40 et un descriptifs des \u00e9tapes de production.\",\"breadcrumb\":{\"@id\":\"https:\\\/\\\/tajvitclone.comandsee.website\\\/fr\\\/madeira-devient-ecolo\\\/#breadcrumb\"},\"inLanguage\":\"fr-FR\",\"potentialAction\":[{\"@type\":\"ReadAction\",\"target\":[\"https:\\\/\\\/tajvitclone.comandsee.website\\\/fr\\\/madeira-devient-ecolo\\\/\"]}]},{\"@type\":\"ImageObject\",\"inLanguage\":\"fr-FR\",\"@id\":\"https:\\\/\\\/tajvitclone.comandsee.website\\\/fr\\\/madeira-devient-ecolo\\\/#primaryimage\",\"url\":\"https:\\\/\\\/tajvitclone.comandsee.website\\\/wp-content\\\/uploads\\\/2025\\\/01\\\/04-Polyneon-Green-450-x-251-px.jpg\",\"contentUrl\":\"https:\\\/\\\/tajvitclone.comandsee.website\\\/wp-content\\\/uploads\\\/2025\\\/01\\\/04-Polyneon-Green-450-x-251-px.jpg\",\"width\":450,\"height\":251,\"caption\":\"Transition des fils MADEIRA POLYNEON 40 \u00e0 POLYNEON GREEN 40\"},{\"@type\":\"BreadcrumbList\",\"@id\":\"https:\\\/\\\/tajvitclone.comandsee.website\\\/fr\\\/madeira-devient-ecolo\\\/#breadcrumb\",\"itemListElement\":[{\"@type\":\"ListItem\",\"position\":1,\"name\":\"Accueil\",\"item\":\"https:\\\/\\\/tajvitclone.comandsee.website\\\/fr\\\/\"},{\"@type\":\"ListItem\",\"position\":2,\"name\":\"Actualit\u00e9s\",\"item\":\"https:\\\/\\\/tajvitclone.comandsee.website\\\/fr\\\/category\\\/actualites\\\/\"},{\"@type\":\"ListItem\",\"position\":3,\"name\":\"MADEIRA devient \u00c9colo !\"}]},{\"@type\":\"WebSite\",\"@id\":\"https:\\\/\\\/tajvitclone.comandsee.website\\\/fr\\\/#website\",\"url\":\"https:\\\/\\\/tajvitclone.comandsee.website\\\/fr\\\/\",\"name\":\"Tajima Europe\",\"description\":\"Les experts outils dans les m\u00e9tiers de la broderie\",\"publisher\":{\"@id\":\"https:\\\/\\\/tajvitclone.comandsee.website\\\/fr\\\/#organization\"},\"potentialAction\":[{\"@type\":\"SearchAction\",\"target\":{\"@type\":\"EntryPoint\",\"urlTemplate\":\"https:\\\/\\\/tajvitclone.comandsee.website\\\/fr\\\/?s={search_term_string}\"},\"query-input\":{\"@type\":\"PropertyValueSpecification\",\"valueRequired\":true,\"valueName\":\"search_term_string\"}}],\"inLanguage\":\"fr-FR\"},{\"@type\":\"Organization\",\"@id\":\"https:\\\/\\\/tajvitclone.comandsee.website\\\/fr\\\/#organization\",\"name\":\"Tajima Europe\",\"url\":\"https:\\\/\\\/tajvitclone.comandsee.website\\\/fr\\\/\",\"logo\":{\"@type\":\"ImageObject\",\"inLanguage\":\"fr-FR\",\"@id\":\"https:\\\/\\\/tajvitclone.comandsee.website\\\/fr\\\/#\\\/schema\\\/logo\\\/image\\\/\",\"url\":\"https:\\\/\\\/tajvitclone.comandsee.website\\\/wp-content\\\/uploads\\\/2020\\\/03\\\/logo-mail.jpg\",\"contentUrl\":\"https:\\\/\\\/tajvitclone.comandsee.website\\\/wp-content\\\/uploads\\\/2020\\\/03\\\/logo-mail.jpg\",\"width\":179,\"height\":150,\"caption\":\"Tajima Europe\"},\"image\":{\"@id\":\"https:\\\/\\\/tajvitclone.comandsee.website\\\/fr\\\/#\\\/schema\\\/logo\\\/image\\\/\"}},{\"@type\":\"Person\",\"@id\":\"https:\\\/\\\/tajvitclone.comandsee.website\\\/fr\\\/#\\\/schema\\\/person\\\/0755dec0658f2ed0b0950c8ebcf6ce26\",\"name\":\"Tajima-Europe\",\"image\":{\"@type\":\"ImageObject\",\"inLanguage\":\"fr-FR\",\"@id\":\"https:\\\/\\\/tajvitclone.comandsee.website\\\/wp-content\\\/litespeed\\\/avatar\\\/e82dbf2f98b2aece787c28b925224a63.jpg?ver=1777493355\",\"url\":\"https:\\\/\\\/tajvitclone.comandsee.website\\\/wp-content\\\/litespeed\\\/avatar\\\/e82dbf2f98b2aece787c28b925224a63.jpg?ver=1777493355\",\"contentUrl\":\"https:\\\/\\\/tajvitclone.comandsee.website\\\/wp-content\\\/litespeed\\\/avatar\\\/e82dbf2f98b2aece787c28b925224a63.jpg?ver=1777493355\",\"caption\":\"Tajima-Europe\"},\"url\":\"https:\\\/\\\/tajvitclone.comandsee.website\\\/fr\\\/author\\\/tajima-europe\\\/\"}]}<\/script>\n<!-- \/ Yoast SEO plugin. -->","yoast_head_json":{"title":"MADEIRA devient \u00c9colo","description":"Des informations sur la transition des fils POLYNEON 40 \u00e0 POLYNEON GREEN 40 et un descriptifs des \u00e9tapes de production.","robots":{"index":"index","follow":"follow","max-snippet":"max-snippet:-1","max-image-preview":"max-image-preview:large","max-video-preview":"max-video-preview:-1"},"canonical":"https:\/\/tajvitclone.comandsee.website\/fr\/madeira-devient-ecolo\/","og_locale":"fr_FR","og_type":"article","og_title":"MADEIRA devient \u00c9colo","og_description":"Des informations sur la transition des fils POLYNEON 40 \u00e0 POLYNEON GREEN 40 et un descriptifs des \u00e9tapes de production.","og_url":"https:\/\/tajvitclone.comandsee.website\/fr\/madeira-devient-ecolo\/","og_site_name":"Tajima Europe","article_published_time":"2025-01-11T15:03:59+00:00","article_modified_time":"2025-05-07T09:33:52+00:00","og_image":[{"width":450,"height":251,"url":"https:\/\/tajvitclone.comandsee.website\/wp-content\/uploads\/2025\/01\/04-Polyneon-Green-450-x-251-px.jpg","type":"image\/jpeg"}],"author":"Tajima-Europe","twitter_card":"summary_large_image","twitter_misc":{"\u00c9crit par":"Tajima-Europe","Dur\u00e9e de lecture estim\u00e9e":"3 minutes"},"schema":{"@context":"https:\/\/schema.org","@graph":[{"@type":"Article","@id":"https:\/\/tajvitclone.comandsee.website\/fr\/madeira-devient-ecolo\/#article","isPartOf":{"@id":"https:\/\/tajvitclone.comandsee.website\/fr\/madeira-devient-ecolo\/"},"author":{"name":"Tajima-Europe","@id":"https:\/\/tajvitclone.comandsee.website\/fr\/#\/schema\/person\/0755dec0658f2ed0b0950c8ebcf6ce26"},"headline":"MADEIRA devient \u00c9colo !","datePublished":"2025-01-11T15:03:59+00:00","dateModified":"2025-05-07T09:33:52+00:00","mainEntityOfPage":{"@id":"https:\/\/tajvitclone.comandsee.website\/fr\/madeira-devient-ecolo\/"},"wordCount":422,"publisher":{"@id":"https:\/\/tajvitclone.comandsee.website\/fr\/#organization"},"image":{"@id":"https:\/\/tajvitclone.comandsee.website\/fr\/madeira-devient-ecolo\/#primaryimage"},"thumbnailUrl":"https:\/\/tajvitclone.comandsee.website\/wp-content\/uploads\/2025\/01\/04-Polyneon-Green-450-x-251-px.jpg","articleSection":["Actualit\u00e9s","Relations presse"],"inLanguage":"fr-FR"},{"@type":"WebPage","@id":"https:\/\/tajvitclone.comandsee.website\/fr\/madeira-devient-ecolo\/","url":"https:\/\/tajvitclone.comandsee.website\/fr\/madeira-devient-ecolo\/","name":"MADEIRA devient \u00c9colo","isPartOf":{"@id":"https:\/\/tajvitclone.comandsee.website\/fr\/#website"},"primaryImageOfPage":{"@id":"https:\/\/tajvitclone.comandsee.website\/fr\/madeira-devient-ecolo\/#primaryimage"},"image":{"@id":"https:\/\/tajvitclone.comandsee.website\/fr\/madeira-devient-ecolo\/#primaryimage"},"thumbnailUrl":"https:\/\/tajvitclone.comandsee.website\/wp-content\/uploads\/2025\/01\/04-Polyneon-Green-450-x-251-px.jpg","datePublished":"2025-01-11T15:03:59+00:00","dateModified":"2025-05-07T09:33:52+00:00","description":"Des informations sur la transition des fils POLYNEON 40 \u00e0 POLYNEON GREEN 40 et un descriptifs des \u00e9tapes de production.","breadcrumb":{"@id":"https:\/\/tajvitclone.comandsee.website\/fr\/madeira-devient-ecolo\/#breadcrumb"},"inLanguage":"fr-FR","potentialAction":[{"@type":"ReadAction","target":["https:\/\/tajvitclone.comandsee.website\/fr\/madeira-devient-ecolo\/"]}]},{"@type":"ImageObject","inLanguage":"fr-FR","@id":"https:\/\/tajvitclone.comandsee.website\/fr\/madeira-devient-ecolo\/#primaryimage","url":"https:\/\/tajvitclone.comandsee.website\/wp-content\/uploads\/2025\/01\/04-Polyneon-Green-450-x-251-px.jpg","contentUrl":"https:\/\/tajvitclone.comandsee.website\/wp-content\/uploads\/2025\/01\/04-Polyneon-Green-450-x-251-px.jpg","width":450,"height":251,"caption":"Transition des fils MADEIRA POLYNEON 40 \u00e0 POLYNEON GREEN 40"},{"@type":"BreadcrumbList","@id":"https:\/\/tajvitclone.comandsee.website\/fr\/madeira-devient-ecolo\/#breadcrumb","itemListElement":[{"@type":"ListItem","position":1,"name":"Accueil","item":"https:\/\/tajvitclone.comandsee.website\/fr\/"},{"@type":"ListItem","position":2,"name":"Actualit\u00e9s","item":"https:\/\/tajvitclone.comandsee.website\/fr\/category\/actualites\/"},{"@type":"ListItem","position":3,"name":"MADEIRA devient \u00c9colo !"}]},{"@type":"WebSite","@id":"https:\/\/tajvitclone.comandsee.website\/fr\/#website","url":"https:\/\/tajvitclone.comandsee.website\/fr\/","name":"Tajima Europe","description":"Les experts outils dans les m\u00e9tiers de la broderie","publisher":{"@id":"https:\/\/tajvitclone.comandsee.website\/fr\/#organization"},"potentialAction":[{"@type":"SearchAction","target":{"@type":"EntryPoint","urlTemplate":"https:\/\/tajvitclone.comandsee.website\/fr\/?s={search_term_string}"},"query-input":{"@type":"PropertyValueSpecification","valueRequired":true,"valueName":"search_term_string"}}],"inLanguage":"fr-FR"},{"@type":"Organization","@id":"https:\/\/tajvitclone.comandsee.website\/fr\/#organization","name":"Tajima Europe","url":"https:\/\/tajvitclone.comandsee.website\/fr\/","logo":{"@type":"ImageObject","inLanguage":"fr-FR","@id":"https:\/\/tajvitclone.comandsee.website\/fr\/#\/schema\/logo\/image\/","url":"https:\/\/tajvitclone.comandsee.website\/wp-content\/uploads\/2020\/03\/logo-mail.jpg","contentUrl":"https:\/\/tajvitclone.comandsee.website\/wp-content\/uploads\/2020\/03\/logo-mail.jpg","width":179,"height":150,"caption":"Tajima Europe"},"image":{"@id":"https:\/\/tajvitclone.comandsee.website\/fr\/#\/schema\/logo\/image\/"}},{"@type":"Person","@id":"https:\/\/tajvitclone.comandsee.website\/fr\/#\/schema\/person\/0755dec0658f2ed0b0950c8ebcf6ce26","name":"Tajima-Europe","image":{"@type":"ImageObject","inLanguage":"fr-FR","@id":"https:\/\/tajvitclone.comandsee.website\/wp-content\/litespeed\/avatar\/e82dbf2f98b2aece787c28b925224a63.jpg?ver=1777493355","url":"https:\/\/tajvitclone.comandsee.website\/wp-content\/litespeed\/avatar\/e82dbf2f98b2aece787c28b925224a63.jpg?ver=1777493355","contentUrl":"https:\/\/tajvitclone.comandsee.website\/wp-content\/litespeed\/avatar\/e82dbf2f98b2aece787c28b925224a63.jpg?ver=1777493355","caption":"Tajima-Europe"},"url":"https:\/\/tajvitclone.comandsee.website\/fr\/author\/tajima-europe\/"}]}},"_links":{"self":[{"href":"https:\/\/tajvitclone.comandsee.website\/fr\/wp-json\/wp\/v2\/posts\/20366","targetHints":{"allow":["GET"]}}],"collection":[{"href":"https:\/\/tajvitclone.comandsee.website\/fr\/wp-json\/wp\/v2\/posts"}],"about":[{"href":"https:\/\/tajvitclone.comandsee.website\/fr\/wp-json\/wp\/v2\/types\/post"}],"author":[{"embeddable":true,"href":"https:\/\/tajvitclone.comandsee.website\/fr\/wp-json\/wp\/v2\/users\/4"}],"replies":[{"embeddable":true,"href":"https:\/\/tajvitclone.comandsee.website\/fr\/wp-json\/wp\/v2\/comments?post=20366"}],"version-history":[{"count":0,"href":"https:\/\/tajvitclone.comandsee.website\/fr\/wp-json\/wp\/v2\/posts\/20366\/revisions"}],"wp:featuredmedia":[{"embeddable":true,"href":"https:\/\/tajvitclone.comandsee.website\/fr\/wp-json\/wp\/v2\/media\/20375"}],"wp:attachment":[{"href":"https:\/\/tajvitclone.comandsee.website\/fr\/wp-json\/wp\/v2\/media?parent=20366"}],"wp:term":[{"taxonomy":"category","embeddable":true,"href":"https:\/\/tajvitclone.comandsee.website\/fr\/wp-json\/wp\/v2\/categories?post=20366"},{"taxonomy":"post_tag","embeddable":true,"href":"https:\/\/tajvitclone.comandsee.website\/fr\/wp-json\/wp\/v2\/tags?post=20366"}],"curies":[{"name":"wp","href":"https:\/\/api.w.org\/{rel}","templated":true}]}}